{"id":256257,"date":"2023-07-12T15:10:17","date_gmt":"2023-07-12T14:10:17","guid":{"rendered":"https:\/\/www.unistellar.com\/?post_type=blog&#038;p=256257"},"modified":"2023-07-12T15:23:51","modified_gmt":"2023-07-12T14:23:51","slug":"comet-e1-super-image","status":"publish","type":"blog","link":"https:\/\/www.unistellar.com\/fr\/blog\/comet-e1-super-image\/","title":{"rendered":"<strong>Rejoignez Unistellar pour observer la queue de la com\u00e8te C\/2023 E1 (ATLAS)<\/strong>"},"content":{"rendered":"<p>[et_pb_section fb_built=\u00a0\u00bb1&Prime; _builder_version=\u00a0\u00bb4.18.0&Prime; _module_preset=\u00a0\u00bbdefault\u00a0\u00bb background_color=\u00a0\u00bbgcid-579abc80-458a-43b5-90b5-efa821d39207&Prime; custom_padding=\u00a0\u00bb4px||0px|||\u00a0\u00bb global_colors_info=\u00a0\u00bb{%22gcid-579abc80-458a-43b5-90b5-efa821d39207%22:%91%22background_color%22%93}\u00a0\u00bb][et_pb_row _builder_version=\u00a0\u00bb4.18.0&Prime; _module_preset=\u00a0\u00bbdefault\u00a0\u00bb global_colors_info=\u00a0\u00bb{}\u00a0\u00bb][et_pb_column type=\u00a0\u00bb4_4&Prime; _builder_version=\u00a0\u00bb4.18.0&Prime; _module_preset=\u00a0\u00bbdefault\u00a0\u00bb global_colors_info=\u00a0\u00bb{}\u00a0\u00bb][dsm_breadcrumbs _builder_version=\u00a0\u00bb4.18.0&Prime; _module_preset=\u00a0\u00bbdefault\u00a0\u00bb global_colors_info=\u00a0\u00bb{}\u00a0\u00bb][\/dsm_breadcrumbs][\/et_pb_column][\/et_pb_row][\/et_pb_section][et_pb_section fb_built=\u00a0\u00bb1&Prime; _builder_version=\u00a0\u00bb4.18.0&Prime; _module_preset=\u00a0\u00bbdefault\u00a0\u00bb background_color=\u00a0\u00bbgcid-579abc80-458a-43b5-90b5-efa821d39207&Prime; custom_margin=\u00a0\u00bb||-24px|||\u00a0\u00bb custom_padding=\u00a0\u00bb1px||6px|||\u00a0\u00bb global_colors_info=\u00a0\u00bb{%22gcid-579abc80-458a-43b5-90b5-efa821d39207%22:%91%22background_color%22%93}\u00a0\u00bb][et_pb_row _builder_version=\u00a0\u00bb4.18.0&Prime; _module_preset=\u00a0\u00bbdefault\u00a0\u00bb global_colors_info=\u00a0\u00bb{}\u00a0\u00bb][et_pb_column type=\u00a0\u00bb4_4&Prime; _builder_version=\u00a0\u00bb4.18.0&Prime; _module_preset=\u00a0\u00bbdefault\u00a0\u00bb global_colors_info=\u00a0\u00bb{}\u00a0\u00bb][et_pb_text _builder_version=\u00a0\u00bb4.19.5&Prime; _module_preset=\u00a0\u00bbdefault\u00a0\u00bb custom_padding=\u00a0\u00bb||20px|||\u00a0\u00bb global_colors_info=\u00a0\u00bb{}\u00a0\u00bb]<\/p>\n<p>La com\u00e8te C\/2023 E1 (ATLAS), ou com\u00e8te E1 pour les intimes, atteindra sa luminosit\u00e9 maximale au cours du mois de juillet. Si la lueur verte de son enveloppe gazeuse illumine les images prises par de nombreux observateurs, la queue de cette com\u00e8te reste \u00e0 peine visible. Sur la plupart des photos, on ne voit que sa chevelure ronde et brillante, compos\u00e9e des gaz et des poussi\u00e8res qui s\u2019\u00e9chappent de son noyau. La com\u00e8te a d\u00e9j\u00e0 fr\u00f4l\u00e9 le Soleil et s\u2019appr\u00eate \u00e0 passer \u00e0 proximit\u00e9 de la Terre dans son voyage vers les confins du syst\u00e8me solaire. Pour le r\u00e9seau Unistellar, c\u2019est un moment \u00e0 ne manquer sous aucun pr\u00e9texte : aidez-nous \u00e0 rassembler vos observations pour r\u00e9v\u00e9ler la queue si discr\u00e8te de cette visiteuse cosmique !   <\/p>\n<p>[\/et_pb_text][\/et_pb_column][\/et_pb_row][\/et_pb_section][et_pb_section fb_built=\u00a0\u00bb1&Prime; _builder_version=\u00a0\u00bb4.18.0&Prime; _module_preset=\u00a0\u00bbdefault\u00a0\u00bb background_color=\u00a0\u00bbgcid-579abc80-458a-43b5-90b5-efa821d39207&Prime; custom_padding=\u00a0\u00bb0px||5px|||\u00a0\u00bb global_colors_info=\u00a0\u00bb{%22gcid-579abc80-458a-43b5-90b5-efa821d39207%22:%91%22background_color%22%93}\u00a0\u00bb][et_pb_row _builder_version=\u00a0\u00bb4.18.0&Prime; _module_preset=\u00a0\u00bbdefault\u00a0\u00bb custom_padding=\u00a0\u00bb19px||4px|||\u00a0\u00bb global_colors_info=\u00a0\u00bb{}\u00a0\u00bb][et_pb_column type=\u00a0\u00bb4_4&Prime; _builder_version=\u00a0\u00bb4.19.5&Prime; _module_preset=\u00a0\u00bbdefault\u00a0\u00bb global_colors_info=\u00a0\u00bb{}\u00a0\u00bb][et_pb_text _builder_version=\u00a0\u00bb4.19.5&Prime; _module_preset=\u00a0\u00bbdefault\u00a0\u00bb global_colors_info=\u00a0\u00bb{}\u00a0\u00bb]<\/p>\n<div class=\"wpb_text_column wpb_content_element \">\n<div class=\"wpb_wrapper\">\n<h3> <strong>Qu\u2019est-ce qu\u2019une \u00ab super-image \u00bb ?<\/strong><\/h3>\n<p>Une \u00ab super-image \u00bb est tout simplement une image obtenue en superposant et fusionnant un grand nombre de photos afin de mettre en \u00e9vidence des d\u00e9tails qu\u2019une seule prise de vue n\u2019aurait pas pu saisir. En combinant tous nos talents en mati\u00e8re d\u2019imagerie, nous parviendrons peut-\u00eatre \u00e0 capturer la tra\u00een\u00e9e d\u2019ions, certes p\u00e2le mais n\u00e9anmoins puissante, qui accompagne la com\u00e8te E1 dans le ciel. Difficile \u00e0 discerner, cette mince queue est compos\u00e9e de particules excit\u00e9es par la lumi\u00e8re du Soleil. Elle a l\u2019apparence d\u2019une longue tra\u00eene et pointe dans la direction oppos\u00e9e au Soleil. Pour la d\u00e9tecter, les astronomes doivent fusionner de nombreuses prises de vue en une super-image.   <\/p>\n<p>Le r\u00e9seau Unistellar a d\u00e9j\u00e0 particip\u00e9 \u00e0 la cr\u00e9ation de <a href=\"https:\/\/www.unistellar.com\/blog\/comet-k2-bright-future\/\">super-images in\u00e9dites de la com\u00e8te K2<\/a> et est donc parfaitement en mesure de capturer des d\u00e9tails \u00e9poustouflants de la com\u00e8te E1. <\/p>\n<\/div>\n<\/div>\n<div class=\"wpb_text_column wpb_content_element \">\n<div class=\"wpb_wrapper\"><\/div>\n<\/div>\n<p>[\/et_pb_text][et_pb_image src=\u00a0\u00bbhttps:\/\/www.unistellar.com\/wp-content\/uploads\/2022\/10\/northamerica721-scaled-1.png\u00a0\u00bb alt=\u00a0\u00bbCom\u00e8te K2&Prime; title_text=\u00a0\u00bbnorthamerica721-scaled\u00a0\u00bb align=\u00a0\u00bbcenter\u00a0\u00bb _builder_version=\u00a0\u00bb4.19.5&Prime; _module_preset=\u00a0\u00bbdefault\u00a0\u00bb width=\u00a0\u00bb48%\u00a0\u00bb global_colors_info=\u00a0\u00bb{}\u00a0\u00bb][\/et_pb_image][et_pb_text _builder_version=\u00a0\u00bb4.19.5&Prime; _module_preset=\u00a0\u00bbdefault\u00a0\u00bb text_text_color=\u00a0\u00bbRGBA(186,186,186,0.81)\u00a0\u00bb global_colors_info=\u00a0\u00bb{}\u00a0\u00bb]<\/p>\n<p style=\"text-align: center;\"><em>Super-image de la com\u00e8te C\/2017 K2 PanSTARRS<\/em><\/p>\n<p>[\/et_pb_text][\/et_pb_column][\/et_pb_row][\/et_pb_section][et_pb_section fb_built=\u00a0\u00bb1&Prime; _builder_version=\u00a0\u00bb4.18.0&Prime; _module_preset=\u00a0\u00bbdefault\u00a0\u00bb background_color=\u00a0\u00bbgcid-579abc80-458a-43b5-90b5-efa821d39207&Prime; custom_padding=\u00a0\u00bb1px||7px|||\u00a0\u00bb global_colors_info=\u00a0\u00bb{%22gcid-579abc80-458a-43b5-90b5-efa821d39207%22:%91%22background_color%22%93}\u00a0\u00bb][et_pb_row _builder_version=\u00a0\u00bb4.18.0&Prime; _module_preset=\u00a0\u00bbdefault\u00a0\u00bb global_colors_info=\u00a0\u00bb{}\u00a0\u00bb][et_pb_column type=\u00a0\u00bb4_4&Prime; _builder_version=\u00a0\u00bb4.18.0&Prime; _module_preset=\u00a0\u00bbdefault\u00a0\u00bb global_colors_info=\u00a0\u00bb{}\u00a0\u00bb][et_pb_text _builder_version=\u00a0\u00bb4.19.5&Prime; _module_preset=\u00a0\u00bbdefault\u00a0\u00bb global_colors_info=\u00a0\u00bb{}\u00a0\u00bb]<\/p>\n<h3><strong>Comment contribuer \u00e0 l\u2019observation de la com\u00e8te E1 ?<\/strong><\/h3>\n<p>Pour cr\u00e9er une super-image mettant en \u00e9vidence la queue de la com\u00e8te E1, il faut que plusieurs observateurs situ\u00e9s dans une m\u00eame r\u00e9gion fassent des relev\u00e9s au m\u00eame moment. Rejoignez les communaut\u00e9s Unistellar d\u2019Am\u00e9rique du Nord, d\u2019Europe et du Japon pendant les nuits des 14, 15 et 16 juillet pour observer cette myst\u00e9rieuse com\u00e8te ! Vous trouverez ci-dessous les heures locales d\u2019observation pour chaque r\u00e9gion. Libre \u00e0 vous de r\u00e9aliser des observations pendant une, deux ou trois nuits.   <\/p>\n<p><strong><u>Nuits d\u2019observation<\/u><\/strong>: 14, 15 et 16 juillet <\/p>\n<p><strong><u>Heures d\u2019observation selon le fuseau horaire local :<\/u><\/strong><\/p>\n<p><u>Am\u00e9rique du Nord<\/u><\/p>\n<p>PDT (UTC-7) : 21 h \u00e0 22 h<\/p>\n<p>CDT (UTC-6) : 22 h \u00e0 23 h<\/p>\n<p>MDT (UTC-5) : 23 h \u00e0 00 h<\/p>\n<p>EDT (UTC-4) : 00 h \u00e0 01 h <\/p>\n<p> <u>Europe <\/u><\/p>\n<p>UTC+0 : 21 h \u00e0 22 h<\/p>\n<p>WEST (UTC+1) : 22 h \u00e0 23 h<\/p>\n<p>CEST (UTC+2) : 23 h \u00e0 00 h<\/p>\n<p>EEST (UTC+3) : 00 h \u00e0 01 h<\/p>\n<p> <u>Japon<\/u><\/p>\n<p>JST (UTC+9) : 22 h \u00e0 23 h<\/p>\n<p>[\/et_pb_text][\/et_pb_column][\/et_pb_row][et_pb_row _builder_version=\u00a0\u00bb4.19.5&Prime; _module_preset=\u00a0\u00bbdefault\u00a0\u00bb global_colors_info=\u00a0\u00bb{}\u00a0\u00bb][et_pb_column type=\u00a0\u00bb4_4&Prime; _builder_version=\u00a0\u00bb4.18.0&Prime; _module_preset=\u00a0\u00bbdefault\u00a0\u00bb global_colors_info=\u00a0\u00bb{}\u00a0\u00bb][et_pb_text _builder_version=\u00a0\u00bb4.19.5&Prime; _module_preset=\u00a0\u00bbdefault\u00a0\u00bb min_height=\u00a0\u00bb251.4px\u00a0\u00bb custom_padding=\u00a0\u00bb||0px|||\u00a0\u00bb global_colors_info=\u00a0\u00bb{}\u00a0\u00bb]<\/p>\n<div class=\"wpb_text_column wpb_content_element \">\n<div class=\"wpb_wrapper\">\n<div class=\"wpb_text_column wpb_content_element \">\n<div class=\"wpb_wrapper\">\n<h5>Pour participer cet \u00e9v\u00e8nement exclusif :<\/h5>\n<\/div>\n<\/div>\n<\/div>\n<\/div>\n<div class=\"wpb_text_column wpb_content_element \">\n<div class=\"wpb_wrapper\">\n<ul>\n<li>\u2022 R\u00e9alisez 20 minutes d\u2019observation de la com\u00e8te E1 en activant le mode Science de l\u2019application Unistellar et en utilisant la <a href=\"https:\/\/www.unistellar.com\/citizen-science\/comets\/ephemeris\/\">page \u00c9ph\u00e9m\u00e9ride des com\u00e8tes<\/a> (dur\u00e9e d\u2019exposition : 3 971 ms, gain : 25 dB, comme d\u00e9crit dans notre <a href=\"https:\/\/unistellar.com\/blog\/catch-comet-e1\/\">article de blog sur la com\u00e8te E1<\/a>). <\/li>\n<li>\u2022 Vous pouvez \u00e9galement consulter notre <a href=\"https:\/\/www.unistellar.com\/citizen-science\/comets\/tutorial\/\">tutoriel d\u00e9di\u00e9 aux com\u00e8tes<\/a> pour obtenir un guide complet sur la mani\u00e8re de mener au mieux votre observation de ce nouvel objet c\u00e9leste, m\u00eame s\u2019il ne figure <em>pas<\/em> dans le catalogue de l\u2019application Unistellar. <\/li>\n<li>\u2022 Une fois que vous nous aurez envoy\u00e9 vos donn\u00e9es, n\u2019h\u00e9sitez pas \u00e0 nous raconter \u00e9galement votre exp\u00e9rience \u00e0 l\u2019aide de ce <a href=\"https:\/\/docs.google.com\/forms\/d\/e\/1FAIpQLSeb6uCtcH2GCVDbpbOC1N4olxxRKG4oGYdo88sEqlRxo2xvTg\/viewform?_ga=2.255532552.1813954903.1688557822-1446596094.1664551831&amp;_gac=1.228914798.1687980712.Cj0KCQjwtO-kBhDIARIsAL6LordcUcm_kGV_CB0IkA3rsoxrSI1nerIo7ip5eTtJsvl_dnNrJdyXGCwaAkFmEALw_wcB\">formulaire de rapport d\u2019observation.<\/a> <\/li>\n<\/ul>\n<p> N\u2019oubliez pas de prendre quelques images de la com\u00e8te en vision amplifi\u00e9e pour les partager sur les r\u00e9seaux sociaux. Pensez \u00e0 mentionner Unistellar et participez \u00e0 notre concours de photos de la com\u00e8te E1 sur Instagram du 12 au 20 juillet ! Suivez @unistellarscope sur Instagram pour plus d\u2019informations.  <\/p>\n<p>Si vous avez des questions sur la marche \u00e0 suivre pour r\u00e9aliser vos observations, envoyez-les directement \u00e0 <a href=\"mailto:community@unistellaroptics.com\">community@unistellaroptics.com.<\/a><\/p>\n<\/div>\n<\/div>\n<p>[\/et_pb_text][et_pb_image src=\u00a0\u00bbhttps:\/\/www.unistellar.com\/wp-content\/uploads\/2023\/07\/eVscope-20230615-210839-C20203E1_JMLaugier-Large.jpeg\u00a0\u00bb alt=\u00a0\u00bbFiltre Solaire Intelligent Unistellar\u00a0\u00bb title_text=\u00a0\u00bbeVscope-20230615-210839-C20203E1_JMLaugier Large\u00a0\u00bb align=\u00a0\u00bbcenter\u00a0\u00bb _builder_version=\u00a0\u00bb4.19.5&Prime; _module_preset=\u00a0\u00bbdefault\u00a0\u00bb width=\u00a0\u00bb49%\u00a0\u00bb global_colors_info=\u00a0\u00bb{}\u00a0\u00bb][\/et_pb_image][et_pb_text _builder_version=\u00a0\u00bb4.19.5&Prime; _module_preset=\u00a0\u00bbdefault\u00a0\u00bb text_text_color=\u00a0\u00bbRGBA(186,186,186,0.81)\u00a0\u00bb global_colors_info=\u00a0\u00bb{}\u00a0\u00bb]<\/p>\n<p style=\"text-align: center;\"><em>eVscope image of Comet E1 from Unistellar observer JM Laugier (France).<\/em><\/p>\n<p>[\/et_pb_text][\/et_pb_column][\/et_pb_row][\/et_pb_section][et_pb_section fb_built=\u00a0\u00bb1&Prime; _builder_version=\u00a0\u00bb4.18.0&Prime; _module_preset=\u00a0\u00bbdefault\u00a0\u00bb background_color=\u00a0\u00bbgcid-929a6719-4323-4702-bd5a-fabceb4433c2&Prime; global_colors_info=\u00a0\u00bb{%22gcid-929a6719-4323-4702-bd5a-fabceb4433c2%22:%91%22background_color%22%93}\u00a0\u00bb][et_pb_row _builder_version=\u00a0\u00bb4.18.0&Prime; _module_preset=\u00a0\u00bbdefault\u00a0\u00bb global_colors_info=\u00a0\u00bb{}\u00a0\u00bb][et_pb_column type=\u00a0\u00bb4_4&Prime; _builder_version=\u00a0\u00bb4.18.0&Prime; _module_preset=\u00a0\u00bbdefault\u00a0\u00bb global_colors_info=\u00a0\u00bb{}\u00a0\u00bb][et_pb_text _builder_version=\u00a0\u00bb4.18.0&Prime; _module_preset=\u00a0\u00bbdefault\u00a0\u00bb global_colors_info=\u00a0\u00bb{}\u00a0\u00bb]<\/p>\n<h2>Further readings<\/h2>\n<p>[\/et_pb_text][et_pb_divider color=\u00a0\u00bb#FDB82B\u00a0\u00bb _builder_version=\u00a0\u00bb4.18.0&Prime; _module_preset=\u00a0\u00bbdefault\u00a0\u00bb width=\u00a0\u00bb15%\u00a0\u00bb global_colors_info=\u00a0\u00bb{}\u00a0\u00bb][\/et_pb_divider][dsm_post_carousel post_type=\u00a0\u00bbblog\u00a0\u00bb posts_number=\u00a0\u00bb6&Prime; pagi_color=\u00a0\u00bb#FDB82B\u00a0\u00bb pagi_active_color=\u00a0\u00bb#FDB82B\u00a0\u00bb navi_color=\u00a0\u00bb#FDB82B\u00a0\u00bb post_item_bg_color=\u00a0\u00bbgcid-84086a3f-4df3-4dea-91c2-75d1b92f5c80&Prime; _builder_version=\u00a0\u00bb4.18.0&Prime; _module_preset=\u00a0\u00bbdefault\u00a0\u00bb global_colors_info=\u00a0\u00bb{%22gcid-84086a3f-4df3-4dea-91c2-75d1b92f5c80%22:%91%22post_item_bg_color%22%93}\u00a0\u00bb][\/dsm_post_carousel][\/et_pb_column][\/et_pb_row][\/et_pb_section]<\/p>\n","protected":false},"excerpt":{"rendered":"<p>Du nouveau dans l\u2019espace : une toute nouvelle com\u00e8te vert vif, baptis\u00e9e C\/2023 E1 (ATLAS) ! Rejoignez notre communaut\u00e9 de passionn\u00e9s pour un \u00e9v\u00e8nement exclusif afin de cr\u00e9er une super-image r\u00e9v\u00e9lant la queue \u00e0 peine visible de la com\u00e8te. <\/p>\n","protected":false},"author":17,"featured_media":256252,"menu_order":0,"template":"","meta":{"_acf_changed":false,"_et_pb_use_builder":"on","_et_pb_old_content":"","_et_gb_content_width":"","inline_featured_image":false},"categories":[277],"tags":[676,93,511,260],"articles_categories":[],"class_list":["post-256257","blog","type-blog","status-publish","has-post-thumbnail","hentry","category-observations-fr","tag-c-2023-e1-atlas-fr","tag-citizen-astronomer-fr","tag-citizen-astronomy-fr","tag-comet-fr"],"acf":[],"yoast_head":"<!-- This site is optimized with the Yoast SEO Premium plugin v25.6 (Yoast SEO v25.6) - https:\/\/yoast.com\/wordpress\/plugins\/seo\/ -->\n<title>Rejoignez Unistellar pour observer la queue de la com\u00e8te C\/2023 E1 (ATLAS) - Unistellar<\/title>\n<meta name=\"description\" content=\"Du nouveau dans l\u2019espace : une toute nouvelle com\u00e8te vert vif, baptis\u00e9e C\/2023 E1 (ATLAS) ! Rejoignez notre communaut\u00e9 de passionn\u00e9s pour un \u00e9v\u00e8nement exclusif afin de cr\u00e9er une super-image r\u00e9v\u00e9lant la queue \u00e0 peine visible de la com\u00e8te.\" \/>\n<meta name=\"robots\" content=\"index, follow, max-snippet:-1, max-image-preview:large, max-video-preview:-1\" \/>\n<link rel=\"canonical\" href=\"https:\/\/www.unistellar.com\/fr\/blog\/comet-e1-super-image\/\" \/>\n<meta property=\"og:locale\" content=\"fr_FR\" \/>\n<meta property=\"og:type\" content=\"article\" \/>\n<meta property=\"og:title\" content=\"Rejoignez Unistellar pour observer la queue de la com\u00e8te C\/2023 E1 (ATLAS)\" \/>\n<meta property=\"og:description\" content=\"Du nouveau dans l\u2019espace : une toute nouvelle com\u00e8te vert vif, baptis\u00e9e C\/2023 E1 (ATLAS) ! Rejoignez notre communaut\u00e9 de passionn\u00e9s pour un \u00e9v\u00e8nement exclusif afin de cr\u00e9er une super-image r\u00e9v\u00e9lant la queue \u00e0 peine visible de la com\u00e8te.\" \/>\n<meta property=\"og:url\" content=\"https:\/\/www.unistellar.com\/fr\/blog\/comet-e1-super-image\/\" \/>\n<meta property=\"og:site_name\" content=\"Unistellar\" \/>\n<meta property=\"article:publisher\" content=\"https:\/\/www.facebook.com\/unistellaroptics\/\" \/>\n<meta property=\"article:modified_time\" content=\"2023-07-12T14:23:51+00:00\" \/>\n<meta property=\"og:image\" content=\"https:\/\/www.unistellar.com\/wp-content\/uploads\/2023\/07\/CometE1header.jpeg\" \/>\n\t<meta property=\"og:image:width\" content=\"608\" \/>\n\t<meta property=\"og:image:height\" content=\"608\" \/>\n\t<meta property=\"og:image:type\" content=\"image\/jpeg\" \/>\n<meta name=\"twitter:card\" content=\"summary_large_image\" \/>\n<meta name=\"twitter:site\" content=\"@unistellar\" \/>\n<meta name=\"twitter:label1\" content=\"Dur\u00e9e de lecture estim\u00e9e\" \/>\n\t<meta name=\"twitter:data1\" content=\"4 minutes\" \/>\n<script type=\"application\/ld+json\" class=\"yoast-schema-graph\">{\"@context\":\"https:\/\/schema.org\",\"@graph\":[{\"@type\":\"WebPage\",\"@id\":\"https:\/\/www.unistellar.com\/fr\/blog\/comet-e1-super-image\/\",\"url\":\"https:\/\/www.unistellar.com\/fr\/blog\/comet-e1-super-image\/\",\"name\":\"Rejoignez Unistellar pour observer la queue de la com\u00e8te C\/2023 E1 (ATLAS) - Unistellar\",\"isPartOf\":{\"@id\":\"https:\/\/www.unistellar.com\/fr\/#website\"},\"primaryImageOfPage\":{\"@id\":\"https:\/\/www.unistellar.com\/fr\/blog\/comet-e1-super-image\/#primaryimage\"},\"image\":{\"@id\":\"https:\/\/www.unistellar.com\/fr\/blog\/comet-e1-super-image\/#primaryimage\"},\"thumbnailUrl\":\"https:\/\/www.unistellar.com\/wp-content\/uploads\/2023\/07\/CometE1header.jpeg\",\"datePublished\":\"2023-07-12T14:10:17+00:00\",\"dateModified\":\"2023-07-12T14:23:51+00:00\",\"description\":\"Du nouveau dans l\u2019espace : une toute nouvelle com\u00e8te vert vif, baptis\u00e9e C\/2023 E1 (ATLAS) ! Rejoignez notre communaut\u00e9 de passionn\u00e9s pour un \u00e9v\u00e8nement exclusif afin de cr\u00e9er une super-image r\u00e9v\u00e9lant la queue \u00e0 peine visible de la com\u00e8te.\",\"breadcrumb\":{\"@id\":\"https:\/\/www.unistellar.com\/fr\/blog\/comet-e1-super-image\/#breadcrumb\"},\"inLanguage\":\"fr-FR\",\"potentialAction\":[{\"@type\":\"ReadAction\",\"target\":[\"https:\/\/www.unistellar.com\/fr\/blog\/comet-e1-super-image\/\"]}]},{\"@type\":\"ImageObject\",\"inLanguage\":\"fr-FR\",\"@id\":\"https:\/\/www.unistellar.com\/fr\/blog\/comet-e1-super-image\/#primaryimage\",\"url\":\"https:\/\/www.unistellar.com\/wp-content\/uploads\/2023\/07\/CometE1header.jpeg\",\"contentUrl\":\"https:\/\/www.unistellar.com\/wp-content\/uploads\/2023\/07\/CometE1header.jpeg\",\"width\":608,\"height\":608},{\"@type\":\"BreadcrumbList\",\"@id\":\"https:\/\/www.unistellar.com\/fr\/blog\/comet-e1-super-image\/#breadcrumb\",\"itemListElement\":[{\"@type\":\"ListItem\",\"position\":1,\"name\":\"Home\",\"item\":\"https:\/\/www.unistellar.com\/fr\/\"},{\"@type\":\"ListItem\",\"position\":2,\"name\":\"Articles\",\"item\":\"https:\/\/www.unistellar.com\/fr\/blog\/\"},{\"@type\":\"ListItem\",\"position\":3,\"name\":\"Rejoignez Unistellar pour observer la queue de la com\u00e8te C\/2023 E1 (ATLAS)\"}]},{\"@type\":\"WebSite\",\"@id\":\"https:\/\/www.unistellar.com\/fr\/#website\",\"url\":\"https:\/\/www.unistellar.com\/fr\/\",\"name\":\"Unistellar\",\"description\":\"The Universe Awaits\",\"publisher\":{\"@id\":\"https:\/\/www.unistellar.com\/fr\/#organization\"},\"potentialAction\":[{\"@type\":\"SearchAction\",\"target\":{\"@type\":\"EntryPoint\",\"urlTemplate\":\"https:\/\/www.unistellar.com\/fr\/?s={search_term_string}\"},\"query-input\":{\"@type\":\"PropertyValueSpecification\",\"valueRequired\":true,\"valueName\":\"search_term_string\"}}],\"inLanguage\":\"fr-FR\"},{\"@type\":\"Organization\",\"@id\":\"https:\/\/www.unistellar.com\/fr\/#organization\",\"name\":\"Unistellar\",\"url\":\"https:\/\/www.unistellar.com\/fr\/\",\"logo\":{\"@type\":\"ImageObject\",\"inLanguage\":\"fr-FR\",\"@id\":\"https:\/\/www.unistellar.com\/fr\/#\/schema\/logo\/image\/\",\"url\":\"https:\/\/www.unistellar.com\/wp-content\/uploads\/2022\/09\/Unistellar_Logo_Horizontal_DARKBLUE_FondVide.png\",\"contentUrl\":\"https:\/\/www.unistellar.com\/wp-content\/uploads\/2022\/09\/Unistellar_Logo_Horizontal_DARKBLUE_FondVide.png\",\"width\":2827,\"height\":417,\"caption\":\"Unistellar\"},\"image\":{\"@id\":\"https:\/\/www.unistellar.com\/fr\/#\/schema\/logo\/image\/\"},\"sameAs\":[\"https:\/\/www.facebook.com\/unistellaroptics\/\",\"https:\/\/x.com\/unistellar\"]}]}<\/script>\n<!-- \/ Yoast SEO Premium plugin. -->","yoast_head_json":{"title":"Rejoignez Unistellar pour observer la queue de la com\u00e8te C\/2023 E1 (ATLAS) - Unistellar","description":"Du nouveau dans l\u2019espace : une toute nouvelle com\u00e8te vert vif, baptis\u00e9e C\/2023 E1 (ATLAS) ! Rejoignez notre communaut\u00e9 de passionn\u00e9s pour un \u00e9v\u00e8nement exclusif afin de cr\u00e9er une super-image r\u00e9v\u00e9lant la queue \u00e0 peine visible de la com\u00e8te.","robots":{"index":"index","follow":"follow","max-snippet":"max-snippet:-1","max-image-preview":"max-image-preview:large","max-video-preview":"max-video-preview:-1"},"canonical":"https:\/\/www.unistellar.com\/fr\/blog\/comet-e1-super-image\/","og_locale":"fr_FR","og_type":"article","og_title":"Rejoignez Unistellar pour observer la queue de la com\u00e8te C\/2023 E1 (ATLAS)","og_description":"Du nouveau dans l\u2019espace : une toute nouvelle com\u00e8te vert vif, baptis\u00e9e C\/2023 E1 (ATLAS) ! Rejoignez notre communaut\u00e9 de passionn\u00e9s pour un \u00e9v\u00e8nement exclusif afin de cr\u00e9er une super-image r\u00e9v\u00e9lant la queue \u00e0 peine visible de la com\u00e8te.","og_url":"https:\/\/www.unistellar.com\/fr\/blog\/comet-e1-super-image\/","og_site_name":"Unistellar","article_publisher":"https:\/\/www.facebook.com\/unistellaroptics\/","article_modified_time":"2023-07-12T14:23:51+00:00","og_image":[{"width":608,"height":608,"url":"https:\/\/www.unistellar.com\/wp-content\/uploads\/2023\/07\/CometE1header.jpeg","type":"image\/jpeg"}],"twitter_card":"summary_large_image","twitter_site":"@unistellar","twitter_misc":{"Dur\u00e9e de lecture estim\u00e9e":"4 minutes"},"schema":{"@context":"https:\/\/schema.org","@graph":[{"@type":"WebPage","@id":"https:\/\/www.unistellar.com\/fr\/blog\/comet-e1-super-image\/","url":"https:\/\/www.unistellar.com\/fr\/blog\/comet-e1-super-image\/","name":"Rejoignez Unistellar pour observer la queue de la com\u00e8te C\/2023 E1 (ATLAS) - Unistellar","isPartOf":{"@id":"https:\/\/www.unistellar.com\/fr\/#website"},"primaryImageOfPage":{"@id":"https:\/\/www.unistellar.com\/fr\/blog\/comet-e1-super-image\/#primaryimage"},"image":{"@id":"https:\/\/www.unistellar.com\/fr\/blog\/comet-e1-super-image\/#primaryimage"},"thumbnailUrl":"https:\/\/www.unistellar.com\/wp-content\/uploads\/2023\/07\/CometE1header.jpeg","datePublished":"2023-07-12T14:10:17+00:00","dateModified":"2023-07-12T14:23:51+00:00","description":"Du nouveau dans l\u2019espace : une toute nouvelle com\u00e8te vert vif, baptis\u00e9e C\/2023 E1 (ATLAS) ! Rejoignez notre communaut\u00e9 de passionn\u00e9s pour un \u00e9v\u00e8nement exclusif afin de cr\u00e9er une super-image r\u00e9v\u00e9lant la queue \u00e0 peine visible de la com\u00e8te.","breadcrumb":{"@id":"https:\/\/www.unistellar.com\/fr\/blog\/comet-e1-super-image\/#breadcrumb"},"inLanguage":"fr-FR","potentialAction":[{"@type":"ReadAction","target":["https:\/\/www.unistellar.com\/fr\/blog\/comet-e1-super-image\/"]}]},{"@type":"ImageObject","inLanguage":"fr-FR","@id":"https:\/\/www.unistellar.com\/fr\/blog\/comet-e1-super-image\/#primaryimage","url":"https:\/\/www.unistellar.com\/wp-content\/uploads\/2023\/07\/CometE1header.jpeg","contentUrl":"https:\/\/www.unistellar.com\/wp-content\/uploads\/2023\/07\/CometE1header.jpeg","width":608,"height":608},{"@type":"BreadcrumbList","@id":"https:\/\/www.unistellar.com\/fr\/blog\/comet-e1-super-image\/#breadcrumb","itemListElement":[{"@type":"ListItem","position":1,"name":"Home","item":"https:\/\/www.unistellar.com\/fr\/"},{"@type":"ListItem","position":2,"name":"Articles","item":"https:\/\/www.unistellar.com\/fr\/blog\/"},{"@type":"ListItem","position":3,"name":"Rejoignez Unistellar pour observer la queue de la com\u00e8te C\/2023 E1 (ATLAS)"}]},{"@type":"WebSite","@id":"https:\/\/www.unistellar.com\/fr\/#website","url":"https:\/\/www.unistellar.com\/fr\/","name":"Unistellar","description":"The Universe Awaits","publisher":{"@id":"https:\/\/www.unistellar.com\/fr\/#organization"},"potentialAction":[{"@type":"SearchAction","target":{"@type":"EntryPoint","urlTemplate":"https:\/\/www.unistellar.com\/fr\/?s={search_term_string}"},"query-input":{"@type":"PropertyValueSpecification","valueRequired":true,"valueName":"search_term_string"}}],"inLanguage":"fr-FR"},{"@type":"Organization","@id":"https:\/\/www.unistellar.com\/fr\/#organization","name":"Unistellar","url":"https:\/\/www.unistellar.com\/fr\/","logo":{"@type":"ImageObject","inLanguage":"fr-FR","@id":"https:\/\/www.unistellar.com\/fr\/#\/schema\/logo\/image\/","url":"https:\/\/www.unistellar.com\/wp-content\/uploads\/2022\/09\/Unistellar_Logo_Horizontal_DARKBLUE_FondVide.png","contentUrl":"https:\/\/www.unistellar.com\/wp-content\/uploads\/2022\/09\/Unistellar_Logo_Horizontal_DARKBLUE_FondVide.png","width":2827,"height":417,"caption":"Unistellar"},"image":{"@id":"https:\/\/www.unistellar.com\/fr\/#\/schema\/logo\/image\/"},"sameAs":["https:\/\/www.facebook.com\/unistellaroptics\/","https:\/\/x.com\/unistellar"]}]}},"_links":{"self":[{"href":"https:\/\/www.unistellar.com\/fr\/wp-json\/wp\/v2\/blog\/256257","targetHints":{"allow":["GET"]}}],"collection":[{"href":"https:\/\/www.unistellar.com\/fr\/wp-json\/wp\/v2\/blog"}],"about":[{"href":"https:\/\/www.unistellar.com\/fr\/wp-json\/wp\/v2\/types\/blog"}],"author":[{"embeddable":true,"href":"https:\/\/www.unistellar.com\/fr\/wp-json\/wp\/v2\/users\/17"}],"wp:featuredmedia":[{"embeddable":true,"href":"https:\/\/www.unistellar.com\/fr\/wp-json\/wp\/v2\/media\/256252"}],"wp:attachment":[{"href":"https:\/\/www.unistellar.com\/fr\/wp-json\/wp\/v2\/media?parent=256257"}],"wp:term":[{"taxonomy":"category","embeddable":true,"href":"https:\/\/www.unistellar.com\/fr\/wp-json\/wp\/v2\/categories?post=256257"},{"taxonomy":"post_tag","embeddable":true,"href":"https:\/\/www.unistellar.com\/fr\/wp-json\/wp\/v2\/tags?post=256257"},{"taxonomy":"articles_categories","embeddable":true,"href":"https:\/\/www.unistellar.com\/fr\/wp-json\/wp\/v2\/articles_categories?post=256257"}],"curies":[{"name":"wp","href":"https:\/\/api.w.org\/{rel}","templated":true}]}}