{"id":253253,"date":"2023-04-27T19:18:41","date_gmt":"2023-04-27T18:18:41","guid":{"rendered":"https:\/\/www.unistellar.com\/?post_type=blog&#038;p=253253"},"modified":"2023-04-28T04:52:47","modified_gmt":"2023-04-28T03:52:47","slug":"lunar-eclipse-2023","status":"publish","type":"blog","link":"https:\/\/www.unistellar.com\/fr\/blog\/lunar-eclipse-2023\/","title":{"rendered":"\u00c9clipse lunaire p\u00e9nombrable : observez cet \u00e9v\u00e9nement rare au mois de mai avec Unistellar"},"content":{"rendered":"<p>[et_pb_section fb_built=\u00a0\u00bb1&Prime; _builder_version=\u00a0\u00bb4.18.0&Prime; _module_preset=\u00a0\u00bbdefault\u00a0\u00bb background_color=\u00a0\u00bbgcid-579abc80-458a-43b5-90b5-efa821d39207&Prime; custom_padding=\u00a0\u00bb4px||0px|||\u00a0\u00bb global_colors_info=\u00a0\u00bb{%22gcid-579abc80-458a-43b5-90b5-efa821d39207%22:%91%22background_color%22%93}\u00a0\u00bb][et_pb_row _builder_version=\u00a0\u00bb4.18.0&Prime; _module_preset=\u00a0\u00bbdefault\u00a0\u00bb global_colors_info=\u00a0\u00bb{}\u00a0\u00bb][et_pb_column type=\u00a0\u00bb4_4&Prime; _builder_version=\u00a0\u00bb4.18.0&Prime; _module_preset=\u00a0\u00bbdefault\u00a0\u00bb global_colors_info=\u00a0\u00bb{}\u00a0\u00bb][dsm_breadcrumbs _builder_version=\u00a0\u00bb4.18.0&Prime; _module_preset=\u00a0\u00bbdefault\u00a0\u00bb global_colors_info=\u00a0\u00bb{}\u00a0\u00bb][\/dsm_breadcrumbs][\/et_pb_column][\/et_pb_row][\/et_pb_section][et_pb_section fb_built=\u00a0\u00bb1&Prime; _builder_version=\u00a0\u00bb4.18.0&Prime; _module_preset=\u00a0\u00bbdefault\u00a0\u00bb background_color=\u00a0\u00bbgcid-579abc80-458a-43b5-90b5-efa821d39207&Prime; global_colors_info=\u00a0\u00bb{%22gcid-579abc80-458a-43b5-90b5-efa821d39207%22:%91%22background_color%22%93}\u00a0\u00bb][et_pb_row column_structure=\u00a0\u00bb3_5,2_5&Prime; make_equal=\u00a0\u00bbon\u00a0\u00bb _builder_version=\u00a0\u00bb4.18.0&Prime; _module_preset=\u00a0\u00bbdefault\u00a0\u00bb custom_css_main_element=\u00a0\u00bbdisplay: flex;||flex-direction: row;||align-items: center;\u00a0\u00bb global_colors_info=\u00a0\u00bb{}\u00a0\u00bb][et_pb_column type=\u00a0\u00bb3_5&Prime; _builder_version=\u00a0\u00bb4.18.0&Prime; _module_preset=\u00a0\u00bbdefault\u00a0\u00bb global_colors_info=\u00a0\u00bb{}\u00a0\u00bb][et_pb_text _builder_version=\u00a0\u00bb4.18.0&Prime; _module_preset=\u00a0\u00bbdefault\u00a0\u00bb custom_padding=\u00a0\u00bb||1px|||\u00a0\u00bb global_colors_info=\u00a0\u00bb{}\u00a0\u00bb]<\/p>\n<p>Le 5 mai, une \u00e9clipse lunaire particuli\u00e8re, l\u2019\u00e9clipse p\u00e9nombrable, sera visible depuis la Terre. Les <span><a href=\"https:\/\/moon.nasa.gov\/moon-in-motion\/eclipses\/\">\u00e9clipses p\u00e9nombrales<\/a><\/span> se produisent lorsque la Lune passe dans la partie ext\u00e9rieure de l\u2019ombre de la Terre, appel\u00e9e la p\u00e9nombre,ce qui a pour effet d&rsquo;assombrir la surface de la Lune sans l\u2019obscurcir compl\u00e8tement.<\/p>\n<p>[\/et_pb_text][et_pb_text _builder_version=\u00a0\u00bb4.19.5&Prime; _module_preset=\u00a0\u00bbdefault\u00a0\u00bb custom_padding=\u00a0\u00bb||2px|||\u00a0\u00bb global_colors_info=\u00a0\u00bb{}\u00a0\u00bb]<\/p>\n<p>L\u2019ombre de la Terre est compos\u00e9e de deux parties : l\u2019ombre, dans laquelle toute la lumi\u00e8re du Soleil ou presque est bloqu\u00e9e, et la p\u00e9nombre, dans laquelle une partie seulement de la lumi\u00e8re est arr\u00eat\u00e9e. Dans la plupart des \u00e9clipses lunaires, la Lune traverse la p\u00e9nombre et entre dans l\u2019ombre avant d\u2019en ressortir.<\/p>\n<p>[\/et_pb_text][et_pb_text _builder_version=\u00a0\u00bb4.18.0&Prime; _module_preset=\u00a0\u00bbdefault\u00a0\u00bb global_colors_info=\u00a0\u00bb{}\u00a0\u00bb][\/et_pb_text][\/et_pb_column][et_pb_column type=\u00a0\u00bb2_5&Prime; disabled_on=\u00a0\u00bbon|off|off\u00a0\u00bb _builder_version=\u00a0\u00bb4.18.0&Prime; _module_preset=\u00a0\u00bbdefault\u00a0\u00bb global_colors_info=\u00a0\u00bb{}\u00a0\u00bb][et_pb_image src=\u00a0\u00bbhttps:\/\/www.unistellar.com\/wp-content\/uploads\/2023\/04\/fullmoonEV.png\u00a0\u00bb alt=\u00a0\u00bbLune\u00a0\u00bb title_text=\u00a0\u00bbfullmoonEV\u00a0\u00bb _builder_version=\u00a0\u00bb4.19.5&Prime; _module_preset=\u00a0\u00bbdefault\u00a0\u00bb global_colors_info=\u00a0\u00bb{}\u00a0\u00bb][\/et_pb_image][et_pb_text _builder_version=\u00a0\u00bb4.19.5&Prime; _module_preset=\u00a0\u00bbdefault\u00a0\u00bb global_colors_info=\u00a0\u00bb{}\u00a0\u00bb]<\/p>\n<p style=\"text-align: center;\"><em>Image de la pleine lune \u00e0 travers l&rsquo;eVscope 2.<\/em><\/p>\n<p>[\/et_pb_text][\/et_pb_column][\/et_pb_row][et_pb_row _builder_version=\u00a0\u00bb4.18.0&Prime; _module_preset=\u00a0\u00bbdefault\u00a0\u00bb global_colors_info=\u00a0\u00bb{}\u00a0\u00bb][et_pb_column type=\u00a0\u00bb4_4&Prime; _builder_version=\u00a0\u00bb4.18.0&Prime; _module_preset=\u00a0\u00bbdefault\u00a0\u00bb global_colors_info=\u00a0\u00bb{}\u00a0\u00bb][et_pb_text _builder_version=\u00a0\u00bb4.18.0&Prime; _module_preset=\u00a0\u00bbdefault\u00a0\u00bb global_colors_info=\u00a0\u00bb{}\u00a0\u00bb]<\/p>\n<p>En mai, la Lune fr\u00f4lera l\u2019ombre de la Terre, en restant dans sa partie ext\u00e9rieure. Si vous \u00eates attentif, vous pourrez voir la Lune s\u2019assombrir avant de retrouver tout son \u00e9clat. Bien qu\u2019il soit facile de passer \u00e0 c\u00f4t\u00e9 d\u2019une \u00e9clipse p\u00e9nombrale, elle est pourtant visible \u00e0 l\u2019\u0153il nu. Pour appr\u00e9cier pleinement cette subtile variation du paysage lunaire, observez l\u2019\u00e9clipse avec un t\u00e9lescope Unistellar !<\/p>\n<p>[\/et_pb_text][\/et_pb_column][\/et_pb_row][et_pb_row _builder_version=\u00a0\u00bb4.18.0&Prime; _module_preset=\u00a0\u00bbdefault\u00a0\u00bb global_colors_info=\u00a0\u00bb{}\u00a0\u00bb][et_pb_column type=\u00a0\u00bb4_4&Prime; _builder_version=\u00a0\u00bb4.18.0&Prime; _module_preset=\u00a0\u00bbdefault\u00a0\u00bb global_colors_info=\u00a0\u00bb{}\u00a0\u00bb][et_pb_text _builder_version=\u00a0\u00bb4.18.0&Prime; _module_preset=\u00a0\u00bbdefault\u00a0\u00bb global_colors_info=\u00a0\u00bb{}\u00a0\u00bb]<\/p>\n<p> Plusieurs \u00e9clipses lunaires se produisent chaque ann\u00e9e, mais comme l&rsquo;orbite de la Lune est inclin\u00e9e d\u2019environ 5 degr\u00e9s par rapport \u00e0 celle de la Terre, elles ne surviennent pas \u00e0 chaque pleine lune. De plus, chaque \u00e9clipse n\u2019est visible que d\u2019un c\u00f4t\u00e9 de la Terre : il n\u2019y a donc que quelques occasions de voir le ph\u00e9nom\u00e8ne chaque ann\u00e9e. Consultez la carte ci-dessous pour savoir si l\u2019\u00e9clipse du 5 mai sera visible dans votre r\u00e9gion.<\/p>\n<p>[\/et_pb_text][\/et_pb_column][\/et_pb_row][et_pb_row _builder_version=\u00a0\u00bb4.18.0&Prime; _module_preset=\u00a0\u00bbdefault\u00a0\u00bb custom_padding=\u00a0\u00bb||0px|||\u00a0\u00bb global_colors_info=\u00a0\u00bb{}\u00a0\u00bb][et_pb_column type=\u00a0\u00bb4_4&Prime; _builder_version=\u00a0\u00bb4.18.0&Prime; _module_preset=\u00a0\u00bbdefault\u00a0\u00bb global_colors_info=\u00a0\u00bb{}\u00a0\u00bb][et_pb_image src=\u00a0\u00bbhttps:\/\/www.unistellar.com\/wp-content\/uploads\/2023\/04\/penumbral_eclipse.jpg\u00a0\u00bb title_text=\u00a0\u00bbpenumbral_eclipse\u00a0\u00bb align=\u00a0\u00bbcenter\u00a0\u00bb _builder_version=\u00a0\u00bb4.19.5&Prime; _module_preset=\u00a0\u00bbdefault\u00a0\u00bb global_colors_info=\u00a0\u00bb{}\u00a0\u00bb][\/et_pb_image][\/et_pb_column][\/et_pb_row][et_pb_row _builder_version=\u00a0\u00bb4.18.0&Prime; _module_preset=\u00a0\u00bbdefault\u00a0\u00bb global_colors_info=\u00a0\u00bb{}\u00a0\u00bb][et_pb_column type=\u00a0\u00bb4_4&Prime; _builder_version=\u00a0\u00bb4.18.0&Prime; _module_preset=\u00a0\u00bbdefault\u00a0\u00bb global_colors_info=\u00a0\u00bb{}\u00a0\u00bb][et_pb_text _builder_version=\u00a0\u00bb4.19.5&Prime; _module_preset=\u00a0\u00bbdefault\u00a0\u00bb global_colors_info=\u00a0\u00bb{}\u00a0\u00bb]<\/p>\n<p style=\"text-align: center;\"><em>Une \u00e9clipse p\u00e9nombrale se produit lorsque la Lune passe dans la partie ext\u00e9rieure de l\u2019ombre de la Terre.<\/em> <em>Cr\u00e9dit: NASA.<\/em><\/p>\n<p>[\/et_pb_text][et_pb_text _builder_version=\u00a0\u00bb4.18.0&Prime; _module_preset=\u00a0\u00bbdefault\u00a0\u00bb global_colors_info=\u00a0\u00bb{}\u00a0\u00bb]<\/p>\n<p>La prochaine \u00e9clipse p\u00e9nombrable est d\u2019autant plus unique que la Lune traversera presque enti\u00e8rement la p\u00e9nombre sans toucher l\u2019ombre int\u00e9rieure. Plus pr\u00e9cis\u00e9ment, 96 % du disque lunaire sera assombri : c\u2019est l\u2019\u00e9clipse p\u00e9nombrable la plus importante depuis pr\u00e8s de 20 ans !<\/p>\n<p>[\/et_pb_text][\/et_pb_column][\/et_pb_row][et_pb_row _builder_version=\u00a0\u00bb4.19.5&Prime; _module_preset=\u00a0\u00bbdefault\u00a0\u00bb global_colors_info=\u00a0\u00bb{}\u00a0\u00bb][et_pb_column type=\u00a0\u00bb4_4&Prime; _builder_version=\u00a0\u00bb4.19.5&Prime; _module_preset=\u00a0\u00bbdefault\u00a0\u00bb global_colors_info=\u00a0\u00bb{}\u00a0\u00bb][et_pb_text _builder_version=\u00a0\u00bb4.19.5&Prime; _module_preset=\u00a0\u00bbdefault\u00a0\u00bb global_colors_info=\u00a0\u00bb{}\u00a0\u00bb]<\/p>\n<h2>Quand doit se produire la prochaine \u00e9clipse lunaire ?<\/h2>\n<p>[\/et_pb_text][et_pb_text _builder_version=\u00a0\u00bb4.18.0&Prime; _module_preset=\u00a0\u00bbdefault\u00a0\u00bb global_colors_info=\u00a0\u00bb{}\u00a0\u00bb]<\/p>\n<p>La prochaine \u00e9clipse p\u00e9nombrable sera visible pour les observateurs d\u2019Europe de l\u2019Est, d\u2019Afrique de l\u2019Est et du Sud, du Moyen-Orient, de la Russie,de l\u2019Asie et de l\u2019Oc\u00e9anie. Elle commencera \u00e0 15h14 UTC et durera environ 4 heures, jusqu\u2019\u00e0 19h32 UTC. Le point central de l\u2019\u00e9clipse sera atteint \u00e0 17h23 UTC.<\/p>\n<p>Bonne nouvelle, vous pourrez ais\u00e9ment capturer ce ph\u00e9nom\u00e8ne subtil avec votre t\u00e9lescope Unistellar ! Pour observer la lune avec votre eVscope ou votre eQuinox, suivez nos prochaines recommandations. Veillez tout d&rsquo;abord \u00e0 placer la Lune dans votre viseur et \u00e0 r\u00e9gler les param\u00e8tres de votre image <em>avant<\/em> le d\u00e9but de l\u2019\u00e9clipse, pour observer son entr\u00e9e dans l\u2019ombre de la Terre.<\/p>\n<p>[\/et_pb_text][\/et_pb_column][\/et_pb_row][et_pb_row _builder_version=\u00a0\u00bb4.19.5&Prime; _module_preset=\u00a0\u00bbdefault\u00a0\u00bb global_colors_info=\u00a0\u00bb{}\u00a0\u00bb][et_pb_column type=\u00a0\u00bb4_4&Prime; _builder_version=\u00a0\u00bb4.19.5&Prime; _module_preset=\u00a0\u00bbdefault\u00a0\u00bb global_colors_info=\u00a0\u00bb{}\u00a0\u00bb][et_pb_image src=\u00a0\u00bbhttps:\/\/www.unistellar.com\/wp-content\/uploads\/2023\/04\/lunar_202305-1.png\u00a0\u00bb title_text=\u00a0\u00bblunar_202305&Prime; _builder_version=\u00a0\u00bb4.19.5&Prime; _module_preset=\u00a0\u00bbdefault\u00a0\u00bb global_colors_info=\u00a0\u00bb{}\u00a0\u00bb][\/et_pb_image][et_pb_text _builder_version=\u00a0\u00bb4.19.5&Prime; _module_preset=\u00a0\u00bbdefault\u00a0\u00bb global_colors_info=\u00a0\u00bb{}\u00a0\u00bb]<\/p>\n<p style=\"text-align: center;\"><em>Carte du monde indiquant la visibilit\u00e9 de l\u2019\u00e9clipse lunaire du 5 mai.<\/em><\/p>\n<p>[\/et_pb_text][et_pb_text _builder_version=\u00a0\u00bb4.19.5&Prime; _module_preset=\u00a0\u00bbdefault\u00a0\u00bb hover_enabled=\u00a0\u00bb0&Prime; global_colors_info=\u00a0\u00bb{}\u00a0\u00bb sticky_enabled=\u00a0\u00bb0&Prime;]<\/p>\n<p>Profitez pleinement des capacit\u00e9s de votre eVscope ou de votre eQuinox en prenant des photos de la Lune tout au long de l\u2019\u00e9clipse \u00e0 l\u2019aide de la touche de capture d\u2019image sur votre \u00e9cran. Prenez plusieurs photos au cours de l\u2019\u00e9clipse : juste avant qu\u2019elle ne d\u00e9bute, \u00e0 son commencement, \u00e0 mi-parcours, etc. Pensez \u00e9galement \u00e0 prendre une derni\u00e8re photo une fois l\u2019\u00e9v\u00e9nement termin\u00e9. Vous obtiendrez ainsi une s\u00e9rie de photos illustrant l\u2019\u00e9volution de l\u2019aspect de la Lune tout au long de l\u2019\u00e9clipse p\u00e9nombrale.<\/p>\n<p>Nous vous encourageons bien s\u00fbr \u00e0 prendre autant de photos de l\u2019\u00e9clipse que vous le souhaitez, ou m\u00eame \u00e0 effectuer un enregistrement d\u2019\u00e9cran en maintenant l\u2019application Unistellar ouverte pour observer l\u2019\u00e9clipse en continu. Si vous souhaitez partager vos images et vos vid\u00e9os, ou si vous avez besoin d\u2019aide pour les capturer, \u00e9crivez-nous \u00e0 l\u2019adresse citizenscience@unistellaroptics.com<\/p>\n<p>Rejoignez les observateurs Unistellar le 5 mai pour profiter de l\u2019un des \u00e9v\u00e9nements c\u00e9lestes les plus rares de l\u2019ann\u00e9e. Observez la Lune entrer dans l\u2019ombre de la Terre puis en ressortir : savourez ce ph\u00e9nom\u00e8ne qui \u00e9chappera\u00e0 beaucoup !<\/p>\n<p>[\/et_pb_text][\/et_pb_column][\/et_pb_row][et_pb_row _builder_version=\u00a0\u00bb4.18.0&Prime; _module_preset=\u00a0\u00bbdefault\u00a0\u00bb global_colors_info=\u00a0\u00bb{}\u00a0\u00bb][et_pb_column type=\u00a0\u00bb4_4&Prime; _builder_version=\u00a0\u00bb4.18.0&Prime; _module_preset=\u00a0\u00bbdefault\u00a0\u00bb global_colors_info=\u00a0\u00bb{}\u00a0\u00bb][et_pb_text _builder_version=\u00a0\u00bb4.19.5&Prime; _module_preset=\u00a0\u00bbdefault\u00a0\u00bb global_colors_info=\u00a0\u00bb{}\u00a0\u00bb]<\/p>\n<h4><b>Quelques conseils pour observer la Lune<\/b><\/h4>\n<ul>\n<li>Quand vous effectuez les r\u00e9glages de votre eVscope ou de votre eQuinox, v\u00e9rifiez que le niveau \u00e0 bulle est parfaitement centr\u00e9. Vous profiterez ainsi de la meilleure exp\u00e9rience de pointage possible.<\/li>\n<li>Apr\u00e8s avoir install\u00e9 votre t\u00e9lescope et suivi la proc\u00e9dure d\u2019orientation, recherchez \u00ab Lune \u00bb dans le catalogue de l\u2019application et s\u00e9lectionnez Pointage. <strong><\/strong><\/li>\n<li>Si le t\u00e9lescope n\u2019est pas parfaitement de niveau, vous devrez peut-\u00eatrel\u2019ajuster manuellement pour centrer correctement la Lune. Pour ce faire, s\u00e9lectionnez le bouton <strong>D\u00e9placement<\/strong> au bas de l\u2019\u00e9cran de visualisation, et faites glisser le joystick en direction de la lumi\u00e8re de laLune jusqu\u2019\u00e0 ce qu\u2019elle apparaisse<\/li>\n<li>Si la Lune est trop lumineuse au d\u00e9part, ajustez simplement les param\u00e8tres d\u2019image. Pour cela, appuyez sur <strong>Modifier<\/strong> et d\u00e9sactivez l&rsquo;option <strong>Auto.<\/strong> Choisissez un gain plus faible et r\u00e9glez le temps d\u2019exposition sur 5 \u00e0 20 ms, pour \u00e9viter que l\u2019image ne soit trop lumineuse.<\/li>\n<li>Finalisez ensuite le centrage de la Lune \u00e0 l\u2019aide du bouton <strong>D\u00e9placer.<\/strong> <\/li>\n<\/ul>\n<p> Enfin, cliquez sur le bouton Appareil photo de l\u2019\u00e9cran de visualisation pour effectuer vos clich\u00e9s de la Lune !<\/p>\n<p>[\/et_pb_text][\/et_pb_column][\/et_pb_row][\/et_pb_section][et_pb_section fb_built=\u00a0\u00bb1&Prime; _builder_version=\u00a0\u00bb4.18.0&Prime; _module_preset=\u00a0\u00bbdefault\u00a0\u00bb background_color=\u00a0\u00bbgcid-929a6719-4323-4702-bd5a-fabceb4433c2&Prime; global_colors_info=\u00a0\u00bb{%22gcid-929a6719-4323-4702-bd5a-fabceb4433c2%22:%91%22background_color%22%93}\u00a0\u00bb][et_pb_row _builder_version=\u00a0\u00bb4.18.0&Prime; _module_preset=\u00a0\u00bbdefault\u00a0\u00bb global_colors_info=\u00a0\u00bb{}\u00a0\u00bb][et_pb_column type=\u00a0\u00bb4_4&Prime; _builder_version=\u00a0\u00bb4.18.0&Prime; _module_preset=\u00a0\u00bbdefault\u00a0\u00bb global_colors_info=\u00a0\u00bb{}\u00a0\u00bb][et_pb_text _builder_version=\u00a0\u00bb4.18.0&Prime; _module_preset=\u00a0\u00bbdefault\u00a0\u00bb global_colors_info=\u00a0\u00bb{}\u00a0\u00bb]<\/p>\n<h2>Further readings<\/h2>\n<p>[\/et_pb_text][et_pb_divider color=\u00a0\u00bb#FDB82B\u00a0\u00bb _builder_version=\u00a0\u00bb4.18.0&Prime; _module_preset=\u00a0\u00bbdefault\u00a0\u00bb width=\u00a0\u00bb15%\u00a0\u00bb global_colors_info=\u00a0\u00bb{}\u00a0\u00bb][\/et_pb_divider][dsm_post_carousel post_type=\u00a0\u00bbblog\u00a0\u00bb posts_number=\u00a0\u00bb6&Prime; pagi_color=\u00a0\u00bb#FDB82B\u00a0\u00bb pagi_active_color=\u00a0\u00bb#FDB82B\u00a0\u00bb navi_color=\u00a0\u00bb#FDB82B\u00a0\u00bb post_item_bg_color=\u00a0\u00bbgcid-84086a3f-4df3-4dea-91c2-75d1b92f5c80&Prime; _builder_version=\u00a0\u00bb4.18.0&Prime; _module_preset=\u00a0\u00bbdefault\u00a0\u00bb global_colors_info=\u00a0\u00bb{%22gcid-84086a3f-4df3-4dea-91c2-75d1b92f5c80%22:%91%22post_item_bg_color%22%93}\u00a0\u00bb][\/dsm_post_carousel][\/et_pb_column][\/et_pb_row][\/et_pb_section]<\/p>\n","protected":false},"excerpt":{"rendered":"<p>Le 5 mai, la Lune va s\u2019assombrir en traversant la portion ext\u00e9rieure de l\u2019ombre de la Terre. Cette \u00e9clipse sera visible en Europe, en Asie et en Oc\u00e9anie : observez-la avec toute la communaut\u00e9 !<\/p>\n","protected":false},"author":17,"featured_media":253241,"menu_order":0,"template":"","meta":{"_acf_changed":false,"_et_pb_use_builder":"on","_et_pb_old_content":"","_et_gb_content_width":"","inline_featured_image":false},"categories":[17,277],"tags":[93,94,617,616,95,238],"articles_categories":[],"class_list":["post-253253","blog","type-blog","status-publish","has-post-thumbnail","hentry","category-citizen-science-fr","category-observations-fr","tag-citizen-astronomer-fr","tag-citizen-science-fr","tag-eclipse-fr","tag-eclipse-lunaire","tag-evscope-fr","tag-moon-fr"],"acf":[],"yoast_head":"<!-- This site is optimized with the Yoast SEO Premium plugin v25.6 (Yoast SEO v25.6) - https:\/\/yoast.com\/wordpress\/plugins\/seo\/ -->\n<title>\u00c9clipse lunaire p\u00e9nombrable : observez cet \u00e9v\u00e9nement rare au mois de mai avec Unistellar<\/title>\n<meta name=\"description\" content=\"Le 5 mai, la Lune va s\u2019assombrir en traversant la portion ext\u00e9rieure de l\u2019ombre de la Terre. Cette \u00e9clipse sera visible en Europe, en Asie et en Oc\u00e9anie : observez-la avec toute la communaut\u00e9 !\" \/>\n<meta name=\"robots\" content=\"index, follow, max-snippet:-1, max-image-preview:large, max-video-preview:-1\" \/>\n<link rel=\"canonical\" href=\"https:\/\/www.unistellar.com\/fr\/blog\/lunar-eclipse-2023\/\" \/>\n<meta property=\"og:locale\" content=\"fr_FR\" \/>\n<meta property=\"og:type\" content=\"article\" \/>\n<meta property=\"og:title\" content=\"\u00c9clipse lunaire p\u00e9nombrable : observez cet \u00e9v\u00e9nement rare au mois de mai avec Unistellar\" \/>\n<meta property=\"og:description\" content=\"Le 5 mai, la Lune va s\u2019assombrir en traversant la portion ext\u00e9rieure de l\u2019ombre de la Terre. Cette \u00e9clipse sera visible en Europe, en Asie et en Oc\u00e9anie : observez-la avec toute la communaut\u00e9 !\" \/>\n<meta property=\"og:url\" content=\"https:\/\/www.unistellar.com\/fr\/blog\/lunar-eclipse-2023\/\" \/>\n<meta property=\"og:site_name\" content=\"Unistellar\" \/>\n<meta property=\"article:publisher\" content=\"https:\/\/www.facebook.com\/unistellaroptics\/\" \/>\n<meta property=\"article:modified_time\" content=\"2023-04-28T03:52:47+00:00\" \/>\n<meta property=\"og:image\" content=\"https:\/\/www.unistellar.com\/wp-content\/uploads\/2023\/04\/NASA_Lunar_Eclipse_Penumbral.jpeg\" \/>\n\t<meta property=\"og:image:width\" content=\"1280\" \/>\n\t<meta property=\"og:image:height\" content=\"1280\" \/>\n\t<meta property=\"og:image:type\" content=\"image\/jpeg\" \/>\n<meta name=\"twitter:card\" content=\"summary_large_image\" \/>\n<meta name=\"twitter:site\" content=\"@unistellar\" \/>\n<meta name=\"twitter:label1\" content=\"Dur\u00e9e de lecture estim\u00e9e\" \/>\n\t<meta name=\"twitter:data1\" content=\"5 minutes\" \/>\n<script type=\"application\/ld+json\" class=\"yoast-schema-graph\">{\"@context\":\"https:\/\/schema.org\",\"@graph\":[{\"@type\":\"WebPage\",\"@id\":\"https:\/\/www.unistellar.com\/fr\/blog\/lunar-eclipse-2023\/\",\"url\":\"https:\/\/www.unistellar.com\/fr\/blog\/lunar-eclipse-2023\/\",\"name\":\"\u00c9clipse lunaire p\u00e9nombrable : observez cet \u00e9v\u00e9nement rare au mois de mai avec Unistellar\",\"isPartOf\":{\"@id\":\"https:\/\/www.unistellar.com\/fr\/#website\"},\"primaryImageOfPage\":{\"@id\":\"https:\/\/www.unistellar.com\/fr\/blog\/lunar-eclipse-2023\/#primaryimage\"},\"image\":{\"@id\":\"https:\/\/www.unistellar.com\/fr\/blog\/lunar-eclipse-2023\/#primaryimage\"},\"thumbnailUrl\":\"https:\/\/www.unistellar.com\/wp-content\/uploads\/2023\/04\/NASA_Lunar_Eclipse_Penumbral.jpeg\",\"datePublished\":\"2023-04-27T18:18:41+00:00\",\"dateModified\":\"2023-04-28T03:52:47+00:00\",\"description\":\"Le 5 mai, la Lune va s\u2019assombrir en traversant la portion ext\u00e9rieure de l\u2019ombre de la Terre. Cette \u00e9clipse sera visible en Europe, en Asie et en Oc\u00e9anie : observez-la avec toute la communaut\u00e9 !\",\"breadcrumb\":{\"@id\":\"https:\/\/www.unistellar.com\/fr\/blog\/lunar-eclipse-2023\/#breadcrumb\"},\"inLanguage\":\"fr-FR\",\"potentialAction\":[{\"@type\":\"ReadAction\",\"target\":[\"https:\/\/www.unistellar.com\/fr\/blog\/lunar-eclipse-2023\/\"]}]},{\"@type\":\"ImageObject\",\"inLanguage\":\"fr-FR\",\"@id\":\"https:\/\/www.unistellar.com\/fr\/blog\/lunar-eclipse-2023\/#primaryimage\",\"url\":\"https:\/\/www.unistellar.com\/wp-content\/uploads\/2023\/04\/NASA_Lunar_Eclipse_Penumbral.jpeg\",\"contentUrl\":\"https:\/\/www.unistellar.com\/wp-content\/uploads\/2023\/04\/NASA_Lunar_Eclipse_Penumbral.jpeg\",\"width\":1280,\"height\":1280},{\"@type\":\"BreadcrumbList\",\"@id\":\"https:\/\/www.unistellar.com\/fr\/blog\/lunar-eclipse-2023\/#breadcrumb\",\"itemListElement\":[{\"@type\":\"ListItem\",\"position\":1,\"name\":\"Home\",\"item\":\"https:\/\/www.unistellar.com\/fr\/\"},{\"@type\":\"ListItem\",\"position\":2,\"name\":\"Articles\",\"item\":\"https:\/\/www.unistellar.com\/fr\/blog\/\"},{\"@type\":\"ListItem\",\"position\":3,\"name\":\"\u00c9clipse lunaire p\u00e9nombrable : observez cet \u00e9v\u00e9nement rare au mois de mai avec Unistellar\"}]},{\"@type\":\"WebSite\",\"@id\":\"https:\/\/www.unistellar.com\/fr\/#website\",\"url\":\"https:\/\/www.unistellar.com\/fr\/\",\"name\":\"Unistellar\",\"description\":\"The Universe Awaits\",\"publisher\":{\"@id\":\"https:\/\/www.unistellar.com\/fr\/#organization\"},\"potentialAction\":[{\"@type\":\"SearchAction\",\"target\":{\"@type\":\"EntryPoint\",\"urlTemplate\":\"https:\/\/www.unistellar.com\/fr\/?s={search_term_string}\"},\"query-input\":{\"@type\":\"PropertyValueSpecification\",\"valueRequired\":true,\"valueName\":\"search_term_string\"}}],\"inLanguage\":\"fr-FR\"},{\"@type\":\"Organization\",\"@id\":\"https:\/\/www.unistellar.com\/fr\/#organization\",\"name\":\"Unistellar\",\"url\":\"https:\/\/www.unistellar.com\/fr\/\",\"logo\":{\"@type\":\"ImageObject\",\"inLanguage\":\"fr-FR\",\"@id\":\"https:\/\/www.unistellar.com\/fr\/#\/schema\/logo\/image\/\",\"url\":\"https:\/\/www.unistellar.com\/wp-content\/uploads\/2022\/09\/Unistellar_Logo_Horizontal_DARKBLUE_FondVide.png\",\"contentUrl\":\"https:\/\/www.unistellar.com\/wp-content\/uploads\/2022\/09\/Unistellar_Logo_Horizontal_DARKBLUE_FondVide.png\",\"width\":2827,\"height\":417,\"caption\":\"Unistellar\"},\"image\":{\"@id\":\"https:\/\/www.unistellar.com\/fr\/#\/schema\/logo\/image\/\"},\"sameAs\":[\"https:\/\/www.facebook.com\/unistellaroptics\/\",\"https:\/\/x.com\/unistellar\"]}]}<\/script>\n<!-- \/ Yoast SEO Premium plugin. -->","yoast_head_json":{"title":"\u00c9clipse lunaire p\u00e9nombrable : observez cet \u00e9v\u00e9nement rare au mois de mai avec Unistellar","description":"Le 5 mai, la Lune va s\u2019assombrir en traversant la portion ext\u00e9rieure de l\u2019ombre de la Terre. Cette \u00e9clipse sera visible en Europe, en Asie et en Oc\u00e9anie : observez-la avec toute la communaut\u00e9 !","robots":{"index":"index","follow":"follow","max-snippet":"max-snippet:-1","max-image-preview":"max-image-preview:large","max-video-preview":"max-video-preview:-1"},"canonical":"https:\/\/www.unistellar.com\/fr\/blog\/lunar-eclipse-2023\/","og_locale":"fr_FR","og_type":"article","og_title":"\u00c9clipse lunaire p\u00e9nombrable : observez cet \u00e9v\u00e9nement rare au mois de mai avec Unistellar","og_description":"Le 5 mai, la Lune va s\u2019assombrir en traversant la portion ext\u00e9rieure de l\u2019ombre de la Terre. Cette \u00e9clipse sera visible en Europe, en Asie et en Oc\u00e9anie : observez-la avec toute la communaut\u00e9 !","og_url":"https:\/\/www.unistellar.com\/fr\/blog\/lunar-eclipse-2023\/","og_site_name":"Unistellar","article_publisher":"https:\/\/www.facebook.com\/unistellaroptics\/","article_modified_time":"2023-04-28T03:52:47+00:00","og_image":[{"width":1280,"height":1280,"url":"https:\/\/www.unistellar.com\/wp-content\/uploads\/2023\/04\/NASA_Lunar_Eclipse_Penumbral.jpeg","type":"image\/jpeg"}],"twitter_card":"summary_large_image","twitter_site":"@unistellar","twitter_misc":{"Dur\u00e9e de lecture estim\u00e9e":"5 minutes"},"schema":{"@context":"https:\/\/schema.org","@graph":[{"@type":"WebPage","@id":"https:\/\/www.unistellar.com\/fr\/blog\/lunar-eclipse-2023\/","url":"https:\/\/www.unistellar.com\/fr\/blog\/lunar-eclipse-2023\/","name":"\u00c9clipse lunaire p\u00e9nombrable : observez cet \u00e9v\u00e9nement rare au mois de mai avec Unistellar","isPartOf":{"@id":"https:\/\/www.unistellar.com\/fr\/#website"},"primaryImageOfPage":{"@id":"https:\/\/www.unistellar.com\/fr\/blog\/lunar-eclipse-2023\/#primaryimage"},"image":{"@id":"https:\/\/www.unistellar.com\/fr\/blog\/lunar-eclipse-2023\/#primaryimage"},"thumbnailUrl":"https:\/\/www.unistellar.com\/wp-content\/uploads\/2023\/04\/NASA_Lunar_Eclipse_Penumbral.jpeg","datePublished":"2023-04-27T18:18:41+00:00","dateModified":"2023-04-28T03:52:47+00:00","description":"Le 5 mai, la Lune va s\u2019assombrir en traversant la portion ext\u00e9rieure de l\u2019ombre de la Terre. Cette \u00e9clipse sera visible en Europe, en Asie et en Oc\u00e9anie : observez-la avec toute la communaut\u00e9 !","breadcrumb":{"@id":"https:\/\/www.unistellar.com\/fr\/blog\/lunar-eclipse-2023\/#breadcrumb"},"inLanguage":"fr-FR","potentialAction":[{"@type":"ReadAction","target":["https:\/\/www.unistellar.com\/fr\/blog\/lunar-eclipse-2023\/"]}]},{"@type":"ImageObject","inLanguage":"fr-FR","@id":"https:\/\/www.unistellar.com\/fr\/blog\/lunar-eclipse-2023\/#primaryimage","url":"https:\/\/www.unistellar.com\/wp-content\/uploads\/2023\/04\/NASA_Lunar_Eclipse_Penumbral.jpeg","contentUrl":"https:\/\/www.unistellar.com\/wp-content\/uploads\/2023\/04\/NASA_Lunar_Eclipse_Penumbral.jpeg","width":1280,"height":1280},{"@type":"BreadcrumbList","@id":"https:\/\/www.unistellar.com\/fr\/blog\/lunar-eclipse-2023\/#breadcrumb","itemListElement":[{"@type":"ListItem","position":1,"name":"Home","item":"https:\/\/www.unistellar.com\/fr\/"},{"@type":"ListItem","position":2,"name":"Articles","item":"https:\/\/www.unistellar.com\/fr\/blog\/"},{"@type":"ListItem","position":3,"name":"\u00c9clipse lunaire p\u00e9nombrable : observez cet \u00e9v\u00e9nement rare au mois de mai avec Unistellar"}]},{"@type":"WebSite","@id":"https:\/\/www.unistellar.com\/fr\/#website","url":"https:\/\/www.unistellar.com\/fr\/","name":"Unistellar","description":"The Universe Awaits","publisher":{"@id":"https:\/\/www.unistellar.com\/fr\/#organization"},"potentialAction":[{"@type":"SearchAction","target":{"@type":"EntryPoint","urlTemplate":"https:\/\/www.unistellar.com\/fr\/?s={search_term_string}"},"query-input":{"@type":"PropertyValueSpecification","valueRequired":true,"valueName":"search_term_string"}}],"inLanguage":"fr-FR"},{"@type":"Organization","@id":"https:\/\/www.unistellar.com\/fr\/#organization","name":"Unistellar","url":"https:\/\/www.unistellar.com\/fr\/","logo":{"@type":"ImageObject","inLanguage":"fr-FR","@id":"https:\/\/www.unistellar.com\/fr\/#\/schema\/logo\/image\/","url":"https:\/\/www.unistellar.com\/wp-content\/uploads\/2022\/09\/Unistellar_Logo_Horizontal_DARKBLUE_FondVide.png","contentUrl":"https:\/\/www.unistellar.com\/wp-content\/uploads\/2022\/09\/Unistellar_Logo_Horizontal_DARKBLUE_FondVide.png","width":2827,"height":417,"caption":"Unistellar"},"image":{"@id":"https:\/\/www.unistellar.com\/fr\/#\/schema\/logo\/image\/"},"sameAs":["https:\/\/www.facebook.com\/unistellaroptics\/","https:\/\/x.com\/unistellar"]}]}},"_links":{"self":[{"href":"https:\/\/www.unistellar.com\/fr\/wp-json\/wp\/v2\/blog\/253253","targetHints":{"allow":["GET"]}}],"collection":[{"href":"https:\/\/www.unistellar.com\/fr\/wp-json\/wp\/v2\/blog"}],"about":[{"href":"https:\/\/www.unistellar.com\/fr\/wp-json\/wp\/v2\/types\/blog"}],"author":[{"embeddable":true,"href":"https:\/\/www.unistellar.com\/fr\/wp-json\/wp\/v2\/users\/17"}],"wp:featuredmedia":[{"embeddable":true,"href":"https:\/\/www.unistellar.com\/fr\/wp-json\/wp\/v2\/media\/253241"}],"wp:attachment":[{"href":"https:\/\/www.unistellar.com\/fr\/wp-json\/wp\/v2\/media?parent=253253"}],"wp:term":[{"taxonomy":"category","embeddable":true,"href":"https:\/\/www.unistellar.com\/fr\/wp-json\/wp\/v2\/categories?post=253253"},{"taxonomy":"post_tag","embeddable":true,"href":"https:\/\/www.unistellar.com\/fr\/wp-json\/wp\/v2\/tags?post=253253"},{"taxonomy":"articles_categories","embeddable":true,"href":"https:\/\/www.unistellar.com\/fr\/wp-json\/wp\/v2\/articles_categories?post=253253"}],"curies":[{"name":"wp","href":"https:\/\/api.w.org\/{rel}","templated":true}]}}